{"id":742,"date":"2010-11-07T00:00:00","date_gmt":"2010-11-07T00:00:00","guid":{"rendered":"https:\/\/ens10-mis.infd.edu.ar\/sitio\/vo-foro-provincial-de-docentes-y-alumnos-de-institutos-de-formacion-docente\/"},"modified":"2010-11-07T00:00:00","modified_gmt":"2010-11-07T00:00:00","slug":"vo-foro-provincial-de-docentes-y-alumnos-de-institutos-de-formacion-docente","status":"publish","type":"post","link":"https:\/\/ens10-mis.infd.edu.ar\/sitio\/vo-foro-provincial-de-docentes-y-alumnos-de-institutos-de-formacion-docente\/","title":{"rendered":"V\u00ba Foro Provincial de Docentes y Alumnos de Institutos de Formaci\u00f3n Docente"},"content":{"rendered":"<p class=\"sitio_noticia_volanta\" >Conclusiones V\u00ba Foro <\/p>\n<h3>V\u00ba Foro Provincial de Docentes y Alumnos de Institutos de Formaci\u00f3n Docente<\/h3>\n<p class=\"sitio_noticia_copete\" >III Encuentro provincial de Pr\u00e1cticas de la Ense\u00f1anza<\/p>\n<hr class=\"sitio_noticia_contenido\" \/>\n<p >\n<p><span style=\"text-decoration: underline;\">V&ordm; Foro Provincial de Docentes y Alumnos de Institutos de Formaci&oacute;n Docente y<\/span><\/p>\n<p><span style=\"text-decoration: underline;\">III Encuentro provincial de Pr&aacute;cticas de la Ense&ntilde;anza<\/span><\/p>\n<p><span style=\"text-decoration: underline;\">ISFD Escuela Normal Superior N&ordm; 5<\/span><\/p>\n<p><span style=\"text-decoration: underline;\">15-10-2010- San Ignacio (Mnes)<\/span><\/p>\n<p><span style=\"text-decoration: underline;\">Comisi&oacute;n Docentes&nbsp; : Capacitaci&oacute;n<\/span><\/p>\n<p><span style=\"text-decoration: underline;\">&nbsp;<\/span><\/p>\n<p>Tras un compartir donde pusimos nuestras dudas, preocupaciones, historicidades y estados individuales y colectivos en esta construcci&oacute;n dada en cinco sucesivos Foros, surgen las preguntas:<\/p>\n<p>&iquest;Qu&eacute; nos pasa que estamos&nbsp; &ldquo;empantanados &ldquo; aqu&iacute; y all&aacute;?<\/p>\n<p>&iquest;Tiene sentido que hagamos Capacitaci&oacute;n?<\/p>\n<p>&iquest;Por qu&eacute; si?<\/p>\n<p>&iquest;Por qu&eacute; no?<\/p>\n<p>&iquest;Tiene importancia para la Formaci&oacute;n Inicial?<\/p>\n<p>Para inferir que, nosotros, los de antes, ya no somos los mismos: Hemos tenido oportunidad de capacitar y capacitarnos &ndash; al igual que investigar e investigarnos- ; hemos descubierto que estas funciones son esenciales pues retroalimentan nuestra Pr&aacute;ctica docente y nos interpelan a revisarlas continuamente.<\/p>\n<p>En virtud de lo cual manifestamos que es preciso&nbsp;<\/p>\n<ul>\n<li>El sostenimiento y\/o creaci&oacute;n de cargas horarias o cargos inherentes para la Capacitaci&oacute;n en todos y cada uno de los ISFD de la Provincia.<\/li>\n<li>El fortalecimiento de las acciones de lo ya efectuado y la equidad respecto de las otras ofertas de capacitaci&oacute;n&nbsp; a fin de contrarrestar la excesiva irrupci&oacute;n de instancias pagas ofrecidas por diversos sectores<\/li>\n<li>El reconocimiento de la valoraci&oacute;n de los Docentes capacitadores, en el caso de Post&iacute;tulos ofrecidos por los ISFD y de otras Instancias desarrolladas en los mismos &ndash; Ej. En las Pr&aacute;cticas y \/ Residencias , a los Docentes primarios que acompa&ntilde;an tutorialmente a los Practicantes o Residentes.<\/li>\n<li>El establecimiento de redes inter e intra institucionales a los efectos de optimizar las ofertas o propuestas de Capacitaci&oacute;n Jurisdiccionales.<\/li>\n<li>El desprendimiento de todo intento de competencia, individualismo o luchas de poder.<\/li>\n<li>El sostenimiento de las uniones, las luchas, los ideales construidos en este lustro de auto convocatoria,&nbsp; a fin de conservar la unidad en la diversidad.<\/li>\n<li>La posibilidad de conformar &ndash;representativamente- un Equipo T&eacute;cnico Interdisciplinario de Capacitaci&oacute;n Docente y\/o acompa&ntilde;amiento de acciones emergentes.<\/li>\n<li>La Comunicaci&oacute;n y la socializaci&oacute;n de&nbsp; la informaci&oacute;n respecto de todo lo que acontece o surge en los ISFD para establecer redes continuas y eficaces.<\/li>\n<li>Las visitas interinstitucionales para poner en consideraci&oacute;n nuestras propias pr&aacute;cticas y nuestras cotidianas realidades.<\/li>\n<li>La incorporaci&oacute;n de Directivos y Docentes Primarios en las acciones de Capacitaci&oacute;n.<\/li>\n<li>La creaci&oacute;n de una p&aacute;gina Web denominada &ldquo;FORO&rdquo; para compartir experiencias &aacute;ulicas, situaciones, bibliograf&iacute;a; sumar experiencias y debatir para que nuestra profesi&oacute;n docente sea fortalecida y valorizada.<\/li>\n<\/ul><\/p>\n","protected":false},"excerpt":{"rendered":"<p>Conclusiones V\u00ba Foro V\u00ba Foro Provincial de Docentes y Alumnos de Institutos de Formaci\u00f3n Docente III Encuentro provincial de Pr\u00e1cticas de la Ense\u00f1anza V&ordm; Foro Provincial de Docentes y Alumnos de Institutos de Formaci&oacute;n Docente y III Encuentro provincial de Pr&aacute;cticas de la Ense&ntilde;anza ISFD Escuela Normal Superior N&ordm; 5 15-10-2010- San Ignacio (Mnes) Comisi&oacute;n &#8230; <a title=\"V\u00ba Foro Provincial de Docentes y Alumnos de Institutos de Formaci\u00f3n Docente\" class=\"read-more\" href=\"https:\/\/ens10-mis.infd.edu.ar\/sitio\/vo-foro-provincial-de-docentes-y-alumnos-de-institutos-de-formacion-docente\/\" aria-label=\"More on V\u00ba Foro Provincial de Docentes y Alumnos de Institutos de Formaci\u00f3n Docente\">[+]<\/a><\/p>\n","protected":false},"author":152,"featured_media":0,"comment_status":"open","ping_status":"open","sticky":false,"template":"","format":"standard","meta":[],"categories":[8,6],"tags":[],"acf":[],"_links":{"self":[{"href":"https:\/\/ens10-mis.infd.edu.ar\/sitio\/wp-json\/wp\/v2\/posts\/742"}],"collection":[{"href":"https:\/\/ens10-mis.infd.edu.ar\/sitio\/wp-json\/wp\/v2\/posts"}],"about":[{"href":"https:\/\/ens10-mis.infd.edu.ar\/sitio\/wp-json\/wp\/v2\/types\/post"}],"author":[{"embeddable":true,"href":"https:\/\/ens10-mis.infd.edu.ar\/sitio\/wp-json\/wp\/v2\/users\/152"}],"replies":[{"embeddable":true,"href":"https:\/\/ens10-mis.infd.edu.ar\/sitio\/wp-json\/wp\/v2\/comments?post=742"}],"version-history":[{"count":0,"href":"https:\/\/ens10-mis.infd.edu.ar\/sitio\/wp-json\/wp\/v2\/posts\/742\/revisions"}],"wp:attachment":[{"href":"https:\/\/ens10-mis.infd.edu.ar\/sitio\/wp-json\/wp\/v2\/media?parent=742"}],"wp:term":[{"taxonomy":"category","embeddable":true,"href":"https:\/\/ens10-mis.infd.edu.ar\/sitio\/wp-json\/wp\/v2\/categories?post=742"},{"taxonomy":"post_tag","embeddable":true,"href":"https:\/\/ens10-mis.infd.edu.ar\/sitio\/wp-json\/wp\/v2\/tags?post=742"}],"curies":[{"name":"wp","href":"https:\/\/api.w.org\/{rel}","templated":true}]}}