{"id":747,"date":"2014-06-05T00:00:00","date_gmt":"2014-06-05T00:00:00","guid":{"rendered":"https:\/\/ens10-mis.infd.edu.ar\/sitio\/especialista-docente-de-nivel-superior-en-educacion-primaria-y-tic\/"},"modified":"2014-06-05T00:00:00","modified_gmt":"2014-06-05T00:00:00","slug":"especialista-docente-de-nivel-superior-en-educacion-primaria-y-tic","status":"publish","type":"post","link":"https:\/\/ens10-mis.infd.edu.ar\/sitio\/especialista-docente-de-nivel-superior-en-educacion-primaria-y-tic\/","title":{"rendered":"Especialista docente de Nivel Superior en Educaci\u00f3n Primaria y TIC"},"content":{"rendered":"<p class=\"sitio_noticia_volanta\" >Se encuentra abierta la inscripci\u00f3n<\/p>\n<h3>Especialista docente de Nivel Superior en Educaci\u00f3n Primaria y TIC <\/h3>\n<p class=\"sitio_noticia_copete\" >Se encuentra abierta la inscripci\u00f3n del a partir del 16 de junio y hasta el 6 de julio de 2014<\/p>\n<hr class=\"sitio_noticia_contenido\" \/>\n<p >\n<div class=\"contentinfo\">\n<p class=\"main\"><span style=\"font-size: 12pt;\">En el marco del Programa Nacional de Formaci&oacute;n Permanente, el Ministerio de Educaci&oacute;n de la Naci&oacute;n les da la bienvenida a la <strong>Especializaci&oacute;n Docente de Nivel Superior en Educaci&oacute;n primaria y TIC<\/strong> y a la&nbsp;<strong>Especializaci&oacute;n Docente de Nivel Superior en Educaci&oacute;n primaria y TIC para formadores del nivel.<\/strong><\/span><\/p>\n<p class=\"main\"><span style=\"font-size: 12pt;\">Per&iacute;odo de inscripci&oacute;n: a partir del <strong>16 de junio<\/strong> y hasta el <strong>6 de julio<\/strong> de 2014.<\/span><\/p>\n<p><span style=\"font-size: 12pt;\"><strong>Destinatarios: <\/strong>Personas que posean t&iacute;tulo de Profesor\/as y que se encuentren en ejercicio en la formaci&oacute;n de docentes para el Nivel Primario del sistema educativo argentino.<\/span><\/p>\n<p style=\"text-align: justify;\"><span style=\"font-size: 12pt;\"><a href=\"http:\/\/postituloprimariatic.educacion.gob.ar\/\" target=\"_blank\">http:\/\/postituloprimariatic.educacion.gob.ar\/<\/a><\/span><\/p>\n<p style=\"text-align: justify;\"><span style=\"font-size: 12pt;\"><em>Consultas<\/em>: 0800-222-1798 (de Lunes a Viernes 9 a 19 hs.) | <em>email<\/em>: primariatic@infd.edu.ar<\/span><\/p>\n<p class=\"main\"><span style=\"font-size: 12pt;\">&nbsp;<\/span><\/p>\n<\/div>\n","protected":false},"excerpt":{"rendered":"<p>Se encuentra abierta la inscripci\u00f3n Especialista docente de Nivel Superior en Educaci\u00f3n Primaria y TIC Se encuentra abierta la inscripci\u00f3n del a partir del 16 de junio y hasta el 6 de julio de 2014 En el marco del Programa Nacional de Formaci&oacute;n Permanente, el Ministerio de Educaci&oacute;n de la Naci&oacute;n les da la bienvenida &#8230; <a title=\"Especialista docente de Nivel Superior en Educaci\u00f3n Primaria y TIC\" class=\"read-more\" href=\"https:\/\/ens10-mis.infd.edu.ar\/sitio\/especialista-docente-de-nivel-superior-en-educacion-primaria-y-tic\/\" aria-label=\"More on Especialista docente de Nivel Superior en Educaci\u00f3n Primaria y TIC\">[+]<\/a><\/p>\n","protected":false},"author":152,"featured_media":0,"comment_status":"open","ping_status":"open","sticky":false,"template":"","format":"standard","meta":[],"categories":[7,6],"tags":[],"acf":[],"_links":{"self":[{"href":"https:\/\/ens10-mis.infd.edu.ar\/sitio\/wp-json\/wp\/v2\/posts\/747"}],"collection":[{"href":"https:\/\/ens10-mis.infd.edu.ar\/sitio\/wp-json\/wp\/v2\/posts"}],"about":[{"href":"https:\/\/ens10-mis.infd.edu.ar\/sitio\/wp-json\/wp\/v2\/types\/post"}],"author":[{"embeddable":true,"href":"https:\/\/ens10-mis.infd.edu.ar\/sitio\/wp-json\/wp\/v2\/users\/152"}],"replies":[{"embeddable":true,"href":"https:\/\/ens10-mis.infd.edu.ar\/sitio\/wp-json\/wp\/v2\/comments?post=747"}],"version-history":[{"count":0,"href":"https:\/\/ens10-mis.infd.edu.ar\/sitio\/wp-json\/wp\/v2\/posts\/747\/revisions"}],"wp:attachment":[{"href":"https:\/\/ens10-mis.infd.edu.ar\/sitio\/wp-json\/wp\/v2\/media?parent=747"}],"wp:term":[{"taxonomy":"category","embeddable":true,"href":"https:\/\/ens10-mis.infd.edu.ar\/sitio\/wp-json\/wp\/v2\/categories?post=747"},{"taxonomy":"post_tag","embeddable":true,"href":"https:\/\/ens10-mis.infd.edu.ar\/sitio\/wp-json\/wp\/v2\/tags?post=747"}],"curies":[{"name":"wp","href":"https:\/\/api.w.org\/{rel}","templated":true}]}}