{"id":751,"date":"2015-05-26T00:00:00","date_gmt":"2015-05-26T00:00:00","guid":{"rendered":"https:\/\/ens10-mis.infd.edu.ar\/sitio\/el-21-de-mayo-se-realizo-la-quinta-jornada-de-escuela-familia-y-comunidad\/"},"modified":"2015-05-26T00:00:00","modified_gmt":"2015-05-26T00:00:00","slug":"el-21-de-mayo-se-realizo-la-quinta-jornada-de-escuela-familia-y-comunidad","status":"publish","type":"post","link":"https:\/\/ens10-mis.infd.edu.ar\/sitio\/el-21-de-mayo-se-realizo-la-quinta-jornada-de-escuela-familia-y-comunidad\/","title":{"rendered":"El 21 de Mayo se realiz\u00f3 la Quinta Jornada de Escuela Familia y Comunidad"},"content":{"rendered":"<p class=\"sitio_noticia_volanta\" >\n<h3>El 21 de Mayo se realiz\u00f3 la Quinta Jornada de Escuela Familia y Comunidad<\/h3>\n<p class=\"sitio_noticia_copete\" >El 21 de Mayo se realiz\u00f3 la Quinta Jornada de Escuela Familia y Comunidad, con la participaci\u00f3n de estudiantes, padres  y docentes. La tem\u00e1tica trabajada fue Inclusi\u00f3n y Calidad Educativa.<\/p>\n<hr class=\"sitio_noticia_contenido\" \/>\n<p >\n<p style=\"margin: 0cm 0cm 10pt;\"><span style=\"color: #222222; font-family: 'Arial','sans-serif';\"><span style=\"font-size: medium;\">El 21 de Mayo se realiz&oacute; la Quinta Jornada de Escuela Familia y Comunidad, con la participaci&oacute;n de estudiantes, padres &nbsp;y docentes. La tem&aacute;tica trabajada fue Inclusi&oacute;n y Calidad Educativa.<\/span><\/span><\/p><\/p>\n","protected":false},"excerpt":{"rendered":"<p>El 21 de Mayo se realiz\u00f3 la Quinta Jornada de Escuela Familia y Comunidad El 21 de Mayo se realiz\u00f3 la Quinta Jornada de Escuela Familia y Comunidad, con la participaci\u00f3n de estudiantes, padres y docentes. La tem\u00e1tica trabajada fue Inclusi\u00f3n y Calidad Educativa. El 21 de Mayo se realiz&oacute; la Quinta Jornada de Escuela &#8230; <a title=\"El 21 de Mayo se realiz\u00f3 la Quinta Jornada de Escuela Familia y Comunidad\" class=\"read-more\" href=\"https:\/\/ens10-mis.infd.edu.ar\/sitio\/el-21-de-mayo-se-realizo-la-quinta-jornada-de-escuela-familia-y-comunidad\/\" aria-label=\"More on El 21 de Mayo se realiz\u00f3 la Quinta Jornada de Escuela Familia y Comunidad\">[+]<\/a><\/p>\n","protected":false},"author":152,"featured_media":0,"comment_status":"open","ping_status":"open","sticky":false,"template":"","format":"standard","meta":[],"categories":[7,6],"tags":[],"acf":[],"_links":{"self":[{"href":"https:\/\/ens10-mis.infd.edu.ar\/sitio\/wp-json\/wp\/v2\/posts\/751"}],"collection":[{"href":"https:\/\/ens10-mis.infd.edu.ar\/sitio\/wp-json\/wp\/v2\/posts"}],"about":[{"href":"https:\/\/ens10-mis.infd.edu.ar\/sitio\/wp-json\/wp\/v2\/types\/post"}],"author":[{"embeddable":true,"href":"https:\/\/ens10-mis.infd.edu.ar\/sitio\/wp-json\/wp\/v2\/users\/152"}],"replies":[{"embeddable":true,"href":"https:\/\/ens10-mis.infd.edu.ar\/sitio\/wp-json\/wp\/v2\/comments?post=751"}],"version-history":[{"count":0,"href":"https:\/\/ens10-mis.infd.edu.ar\/sitio\/wp-json\/wp\/v2\/posts\/751\/revisions"}],"wp:attachment":[{"href":"https:\/\/ens10-mis.infd.edu.ar\/sitio\/wp-json\/wp\/v2\/media?parent=751"}],"wp:term":[{"taxonomy":"category","embeddable":true,"href":"https:\/\/ens10-mis.infd.edu.ar\/sitio\/wp-json\/wp\/v2\/categories?post=751"},{"taxonomy":"post_tag","embeddable":true,"href":"https:\/\/ens10-mis.infd.edu.ar\/sitio\/wp-json\/wp\/v2\/tags?post=751"}],"curies":[{"name":"wp","href":"https:\/\/api.w.org\/{rel}","templated":true}]}}